{"id":2433,"date":"2026-08-31T10:34:19","date_gmt":"2026-08-31T08:34:19","guid":{"rendered":"https:\/\/edition-gl.de\/?p=2433"},"modified":"2026-08-31T23:13:40","modified_gmt":"2026-08-31T21:13:40","slug":"adam-jubilaeum","status":"publish","type":"post","link":"https:\/\/edition-gl.de\/index.php\/2026\/08\/31\/adam-jubilaeum\/","title":{"rendered":"ADAM Jubil\u00e4um 2027"},"content":{"rendered":"\n<p class=\"wp-block-paragraph\"><strong>ADAM 2002 &#8211; 2027<\/strong><\/p>\n\n\n\n<p class=\"wp-block-paragraph\">2002 wurde ADAM in der Basilika San Francesco in Assisi uraufgef\u00fchrt. <br>2025 soll es am 6.8.2026 ein Revival ebendort geben mit einer vorgeschalteten Musik-Wallfahrt f\u00fcr alle, die das St\u00fcck noch nie gesungen haben und alle, die noch einmal in die geistliche Dimension des Oratoriums eintauchen wollen. <\/p>\n\n\n\n<p class=\"wp-block-paragraph\">Gleichzeitig wird f\u00fcr Nicht-Singende auch eine Reise von Emmaus-Reisen aus M\u00fcnster mit einem touristischen Programm angeboten.<\/p>\n\n\n\n<p class=\"wp-block-paragraph\">Derzeit werden in einer unverbindlichen Vorabfrage die finanziellen Bedingungen ermittelt.<\/p>\n\n\n\n<p class=\"wp-block-paragraph\"><a href=\"https:\/\/www.emmaus-reisen\/adam\" target=\"_blank\" rel=\"noopener nofollow\">https:\/\/www.emmaus-reisen.de\/adam<\/a> (externe Umleitung)<\/p>\n\n\n\n<div class=\"wp-block-buttons is-layout-flex wp-block-buttons-is-layout-flex\">\n<div class=\"wp-block-button\"><a class=\"wp-block-button__link wp-element-button\" href=\"https:\/\/edition-gl.de\/index.php\/projekte\/adam-projekt\/adam-assisi-2027\/\">Weitere Informationen<\/a><\/div>\n<\/div>\n\n\n\n<p class=\"wp-block-paragraph\"><\/p>\n\n\n\n<p class=\"wp-block-paragraph\"><\/p>\n","protected":false},"excerpt":{"rendered":"<p>ADAM 2002 &#8211; 2027 2002 wurde ADAM in der Basilika San Francesco in Assisi uraufgef\u00fchrt. 2025 soll es am 6.8.2026 ein Revival ebendort geben mit einer vorgeschalteten Musik-Wallfahrt f\u00fcr alle, die das St\u00fcck noch nie gesungen haben und alle, die noch einmal in die geistliche Dimension des Oratoriums eintauchen wollen. Gleichzeitig wird f\u00fcr Nicht-Singende auch [&hellip;]<\/p>\n","protected":false},"author":2,"featured_media":0,"comment_status":"closed","ping_status":"closed","sticky":false,"template":"","format":"standard","meta":{"footnotes":""},"categories":[14,1,15],"tags":[54,37,38,40,55],"class_list":["post-2433","post","type-post","status-publish","format-standard","hentry","category-adam","category-allgemein","category-projekte","tag-adam","tag-editiongl","tag-gregorlinhsen","tag-gregorlinssen","tag-oratorium"],"_links":{"self":[{"href":"https:\/\/edition-gl.de\/index.php\/wp-json\/wp\/v2\/posts\/2433","targetHints":{"allow":["GET"]}}],"collection":[{"href":"https:\/\/edition-gl.de\/index.php\/wp-json\/wp\/v2\/posts"}],"about":[{"href":"https:\/\/edition-gl.de\/index.php\/wp-json\/wp\/v2\/types\/post"}],"author":[{"embeddable":true,"href":"https:\/\/edition-gl.de\/index.php\/wp-json\/wp\/v2\/users\/2"}],"replies":[{"embeddable":true,"href":"https:\/\/edition-gl.de\/index.php\/wp-json\/wp\/v2\/comments?post=2433"}],"version-history":[{"count":5,"href":"https:\/\/edition-gl.de\/index.php\/wp-json\/wp\/v2\/posts\/2433\/revisions"}],"predecessor-version":[{"id":2440,"href":"https:\/\/edition-gl.de\/index.php\/wp-json\/wp\/v2\/posts\/2433\/revisions\/2440"}],"wp:attachment":[{"href":"https:\/\/edition-gl.de\/index.php\/wp-json\/wp\/v2\/media?parent=2433"}],"wp:term":[{"taxonomy":"category","embeddable":true,"href":"https:\/\/edition-gl.de\/index.php\/wp-json\/wp\/v2\/categories?post=2433"},{"taxonomy":"post_tag","embeddable":true,"href":"https:\/\/edition-gl.de\/index.php\/wp-json\/wp\/v2\/tags?post=2433"}],"curies":[{"name":"wp","href":"https:\/\/api.w.org\/{rel}","templated":true}]}}