{"id":2425,"date":"2026-08-31T10:17:12","date_gmt":"2026-08-31T08:17:12","guid":{"rendered":"https:\/\/edition-gl.de\/?p=2425"},"modified":"2026-08-31T10:25:31","modified_gmt":"2026-08-31T08:25:31","slug":"reaktionen-zu-konzerten-gottesdiensten-und-workshops","status":"publish","type":"post","link":"https:\/\/edition-gl.de\/index.php\/2026\/08\/31\/reaktionen-zu-konzerten-gottesdiensten-und-workshops\/","title":{"rendered":"Reaktionen zu Konzerten, Gottesdiensten und Workshops"},"content":{"rendered":"\n<p class=\"wp-block-paragraph\">Konzert, Workshop und Messe |&nbsp;27.\/28.2.2026<br><strong>Wenn Sprache zum Gesang wird Chorworkshop in Lengerich<\/strong><\/p>\n\n\n\n<p class=\"wp-block-paragraph\" style=\"font-size:0.7rem\"><br>Von Pfarrer Peter Kosen (27.3.2026)<\/p>\n\n\n\n<p class=\"wp-block-paragraph\">\u201eDie Hoffnung bleibt&#8220; &#8211; unter dieser \u00dcberschrift hatte die katholische Kirchen-<br>gemeinde Seliger Niels Stensen zu einem Konzert und zu Workshops f\u00fcr Instrumentalmusik und Chorgesang mit dem Liedermacher Gregor Lin\u00dfen eingeladen. Im Konzert nahm der Komponist zahlreicher moderner Kirchenlieder die Zuh\u00f6rer mit auf seine philosophische und spirituelle Suche nach Gott und echtem Mensch-Sein. <br>\u201eSeit drei\u00dfig Jahren habe ich nicht mehr etwas so Gutes zu Glauben und<br>Zweifel geh\u00f6rt&#8220;, sagte ein \u00e4lterer Zuh\u00f6rer. \u201eIch habe mich mit meiner eigenen Suche voll darin wiedergefunden.&#8220; Lin\u00dfen trug unter anderem mehrere Vertonungen alttestamentlicher Psalmen vor und erg\u00e4nzte die Lieder mit Gedanken zu gro\u00dfen Lebensfragen wie: \u201eGibt es Gott?&#8220;,  \u201eWie<br>geht Frieden in Freiheit?&#8220; und \u201eWarum und was d\u00fcrfen wir hoffen?&#8220;.<br><br>Am Samstag hatten sich 50 Interessierte zu den Workshops angemeldet.<br>Gemeinsam mit seinem Kollegen S\u00f6ren Marquardt, Musikdozent in D\u00fcssel-<br>dorf, studierte Gregor Lin\u00dfen mit ihnen Lieder seiner Messe &#8222;Kommt und seht&#8220; mit Chor und Band. <\/p>\n\n\n\n<p class=\"wp-block-paragraph\">\u201eEs gibt keine falschen T\u00f6ne &#8211; es klingt nur anders&#8220;: Mit rheinischem Humor brachte er den Teilnehmenden im Alter von 12 bis 90 Jahren Gesangstechnik und Inhalte nahe. Unter seiner Anleitung erlebten die S\u00e4ngerinnen und S\u00e4nger, wie aus Sprache beinahe wie von selbst Gesang wurde.<br><br>Die Organisation des musikalischen Wochenendes hatten Michael und Inge Zumsande sowie Kerstin Waltermann \u00fcbernommen. Mit den im Workshop erarbeiteten Liedern gestalteten die S\u00e4ngerinnen, S\u00e4nger, Musikerinnen und Musiker zum Abschluss einen feierlichen Gottesdienst in St. Margareta.<\/p>\n\n\n\n<p class=\"wp-block-paragraph\">Im n\u00e4chsten Jahr am 12.\/13.3.2027 soll es eine Weiterf\u00fchrung geben.<\/p>\n\n\n\n<div style=\"height:80px\" aria-hidden=\"true\" class=\"wp-block-spacer\"><\/div>\n\n\n\n<p class=\"wp-block-paragraph\"><\/p>\n","protected":false},"excerpt":{"rendered":"<p>Konzert, Workshop und Messe |&nbsp;27.\/28.2.2026Wenn Sprache zum Gesang wird Chorworkshop in Lengerich Von Pfarrer Peter Kosen (27.3.2026) \u201eDie Hoffnung bleibt&#8220; &#8211; unter dieser \u00dcberschrift hatte die katholische Kirchen-gemeinde Seliger Niels Stensen zu einem Konzert und zu Workshops f\u00fcr Instrumentalmusik und Chorgesang mit dem Liedermacher Gregor Lin\u00dfen eingeladen. Im Konzert nahm der Komponist zahlreicher moderner Kirchenlieder [&hellip;]<\/p>\n","protected":false},"author":2,"featured_media":0,"comment_status":"open","ping_status":"open","sticky":false,"template":"","format":"standard","meta":{"footnotes":""},"categories":[1,18,51],"tags":[37,38,44,52,53,41],"class_list":["post-2425","post","type-post","status-publish","format-standard","hentry","category-allgemein","category-konzerte","category-workshop","tag-editiongl","tag-gregorlinhsen","tag-gregorlinssen-2","tag-kommtundseht","tag-perkussivessingen","tag-workshop"],"_links":{"self":[{"href":"https:\/\/edition-gl.de\/index.php\/wp-json\/wp\/v2\/posts\/2425","targetHints":{"allow":["GET"]}}],"collection":[{"href":"https:\/\/edition-gl.de\/index.php\/wp-json\/wp\/v2\/posts"}],"about":[{"href":"https:\/\/edition-gl.de\/index.php\/wp-json\/wp\/v2\/types\/post"}],"author":[{"embeddable":true,"href":"https:\/\/edition-gl.de\/index.php\/wp-json\/wp\/v2\/users\/2"}],"replies":[{"embeddable":true,"href":"https:\/\/edition-gl.de\/index.php\/wp-json\/wp\/v2\/comments?post=2425"}],"version-history":[{"count":4,"href":"https:\/\/edition-gl.de\/index.php\/wp-json\/wp\/v2\/posts\/2425\/revisions"}],"predecessor-version":[{"id":2432,"href":"https:\/\/edition-gl.de\/index.php\/wp-json\/wp\/v2\/posts\/2425\/revisions\/2432"}],"wp:attachment":[{"href":"https:\/\/edition-gl.de\/index.php\/wp-json\/wp\/v2\/media?parent=2425"}],"wp:term":[{"taxonomy":"category","embeddable":true,"href":"https:\/\/edition-gl.de\/index.php\/wp-json\/wp\/v2\/categories?post=2425"},{"taxonomy":"post_tag","embeddable":true,"href":"https:\/\/edition-gl.de\/index.php\/wp-json\/wp\/v2\/tags?post=2425"}],"curies":[{"name":"wp","href":"https:\/\/api.w.org\/{rel}","templated":true}]}}