{"id":1982,"date":"2026-06-15T20:00:02","date_gmt":"2026-06-15T18:00:02","guid":{"rendered":"https:\/\/edition-gl.de\/?p=1982"},"modified":"2026-08-30T19:27:10","modified_gmt":"2026-08-30T17:27:10","slug":"choralcanto-konzert-2026","status":"publish","type":"post","link":"https:\/\/edition-gl.de\/index.php\/2026\/06\/15\/choralcanto-konzert-2026\/","title":{"rendered":"Sa |\u00a05.9.26 |\u00a0ChorALCANTO Konzert 2026"},"content":{"rendered":"\n<p class=\"wp-block-paragraph\">SA |&nbsp;5.9.2026 |&nbsp;Grabeskirche St. Anton |&nbsp;Amern (Schwalmtal)<\/p>\n\n\n\n<p class=\"wp-block-paragraph\">Das Konzert ist ein Abendgebet. Daher muss der Zugang kostenfrei m\u00f6glich sein. Die Refinanzierung der Auff\u00fchrungskosten liegt im Ermessen und der M\u00f6glichkeit der Besucher*innen. (PAY-WHAT-YOU-CAN |\u00a0Richtwert 20 \u20ac)<br><br>Die Kirche hat nur Platz f\u00fcr ca. 100 Personen.  <br>Sitzpl\u00e4tze (ohne feste Plazierung) sind reservierbar:<br>&#8211; telefonisch: 02163 9787744 oder 01786925635<br>&#8211; per formloser Email:  grabeskirche@kkg-schwalmtal.de<\/p>\n\n\n\n<p class=\"wp-block-paragraph\"><a href=\"https:\/\/edition-gl.de\/index.php\/projekte\/choralcanto\/\" data-type=\"page\" data-id=\"633\">Mehr zum Choralcanto<\/a><\/p>\n\n\n\n<figure class=\"wp-block-image size-large\"><img loading=\"lazy\" decoding=\"async\" width=\"724\" height=\"1024\" src=\"https:\/\/edition-gl.de\/wp-content\/uploads\/2026\/06\/Plakat_CaAC2026web-724x1024.jpg\" alt=\"\" class=\"wp-image-1983\" srcset=\"https:\/\/edition-gl.de\/wp-content\/uploads\/2026\/06\/Plakat_CaAC2026web-724x1024.jpg 724w, https:\/\/edition-gl.de\/wp-content\/uploads\/2026\/06\/Plakat_CaAC2026web-255x360.jpg 255w, https:\/\/edition-gl.de\/wp-content\/uploads\/2026\/06\/Plakat_CaAC2026web-768x1086.jpg 768w, https:\/\/edition-gl.de\/wp-content\/uploads\/2026\/06\/Plakat_CaAC2026web-1086x1536.jpg 1086w, https:\/\/edition-gl.de\/wp-content\/uploads\/2026\/06\/Plakat_CaAC2026web.jpg 1200w\" sizes=\"auto, (max-width: 724px) 100vw, 724px\" \/><\/figure>\n","protected":false},"excerpt":{"rendered":"<p>SA |&nbsp;5.9.2026 |&nbsp;Grabeskirche St. Anton |&nbsp;Amern (Schwalmtal) Das Konzert ist ein Abendgebet. Daher muss der Zugang kostenfrei m\u00f6glich sein. Die Refinanzierung der Auff\u00fchrungskosten liegt im Ermessen und der M\u00f6glichkeit der Besucher*innen. (PAY-WHAT-YOU-CAN |\u00a0Richtwert 20 \u20ac) Die Kirche hat nur Platz f\u00fcr ca. 100 Personen. Sitzpl\u00e4tze (ohne feste Plazierung) sind reservierbar:&#8211; telefonisch: 02163 9787744 oder 01786925635&#8211; [&hellip;]<\/p>\n","protected":false},"author":2,"featured_media":0,"comment_status":"closed","ping_status":"closed","sticky":false,"template":"","format":"standard","meta":{"footnotes":""},"categories":[18],"tags":[47,37,9],"class_list":["post-1982","post","type-post","status-publish","format-standard","hentry","category-konzerte","tag-choralcanto","tag-editiongl","tag-gregor-linssen"],"_links":{"self":[{"href":"https:\/\/edition-gl.de\/index.php\/wp-json\/wp\/v2\/posts\/1982","targetHints":{"allow":["GET"]}}],"collection":[{"href":"https:\/\/edition-gl.de\/index.php\/wp-json\/wp\/v2\/posts"}],"about":[{"href":"https:\/\/edition-gl.de\/index.php\/wp-json\/wp\/v2\/types\/post"}],"author":[{"embeddable":true,"href":"https:\/\/edition-gl.de\/index.php\/wp-json\/wp\/v2\/users\/2"}],"replies":[{"embeddable":true,"href":"https:\/\/edition-gl.de\/index.php\/wp-json\/wp\/v2\/comments?post=1982"}],"version-history":[{"count":4,"href":"https:\/\/edition-gl.de\/index.php\/wp-json\/wp\/v2\/posts\/1982\/revisions"}],"predecessor-version":[{"id":2422,"href":"https:\/\/edition-gl.de\/index.php\/wp-json\/wp\/v2\/posts\/1982\/revisions\/2422"}],"wp:attachment":[{"href":"https:\/\/edition-gl.de\/index.php\/wp-json\/wp\/v2\/media?parent=1982"}],"wp:term":[{"taxonomy":"category","embeddable":true,"href":"https:\/\/edition-gl.de\/index.php\/wp-json\/wp\/v2\/categories?post=1982"},{"taxonomy":"post_tag","embeddable":true,"href":"https:\/\/edition-gl.de\/index.php\/wp-json\/wp\/v2\/tags?post=1982"}],"curies":[{"name":"wp","href":"https:\/\/api.w.org\/{rel}","templated":true}]}}